{"id":147,"date":"2026-08-20T06:33:32","date_gmt":"2026-08-20T06:33:32","guid":{"rendered":"https:\/\/juuksuriteuhendus.ee\/koolitused\/?p=147"},"modified":"2026-09-02T06:44:24","modified_gmt":"2026-09-02T06:44:24","slug":"rohkem-kui-juuksevarv","status":"publish","type":"post","link":"https:\/\/juuksuriteuhendus.ee\/koolitused\/rohkem-kui-juuksevarv\/","title":{"rendered":"ROHKEM KUI JUUKSEV\u00c4RV"},"content":{"rendered":"\n<p class=\"ext-animate--on wp-block-paragraph\">28. septembril ootame Sind Tartusse Actyva Coloro v\u00e4rvikoolitusele.&nbsp;<strong>Tegemist on professionaalse v\u00e4rvis\u00fcsteemiga, milles kohtuvad kaasaegne v\u00e4rvitehnoloogia, juuste heaolu ning teadlikum l\u00e4henemine koostisele.<\/strong><br>&nbsp;<\/p>\n\n\n\n<p class=\"ext-animate--on wp-block-paragraph\"><strong>Coloro ei ole lihtsalt v\u00e4rvisari.&nbsp;<\/strong>Selle keskmes on tehnoloogiad, mis aitavad juuksuril saavutada s\u00e4rava ja usaldusv\u00e4\u00e4rse v\u00e4rvitulemuse, p\u00f6\u00f6rates samal ajal ekstra t\u00e4helepanu juuksekiu seisundile.<br>&nbsp;<\/p>\n\n\n\n<p class=\"ext-animate--on wp-block-paragraph\"><strong>Koolitusel r\u00e4\u00e4gime muu hulgas:<\/strong><\/p>\n\n\n\n<ul class=\"wp-block-list ext-animate--on\">\n<li class=\"ext-animate--on\">kuidas Alkela kompleks aitab kontrollida juustes olevaid metallioone;<\/li>\n\n\n\n<li class=\"ext-animate--on\">mida t\u00e4hendab biomimeetika juuksev\u00e4rvis;<\/li>\n\n\n\n<li class=\"ext-animate--on\">kuidas toimib ekvimolaarne koostis;<\/li>\n\n\n\n<li class=\"ext-animate--on\">millist rolli m\u00e4ngivad biomimeetilised aminohapped ja MpH tehnoloogia;<\/li>\n\n\n\n<li class=\"ext-animate--on\">kuidas t\u00f6\u00f6tavad Coloro p\u00fcsi- ja demi-p\u00fcsiv\u00e4rvid ning milliseid v\u00f5imalusi need salongis pakuvad.<br>&nbsp;<\/li>\n<\/ul>\n\n\n\n<p class=\"ext-animate--on wp-block-paragraph\"><strong>\ud83d\udcc5 28.09.2026<br>\ud83d\udccd Turu 32B, Tartu<br>\ud83d\udc9b Osalustasu 20 \u20ac \u2013 summa saad tagasi oma j\u00e4rgmiselt Interprofi tellimuselt.<\/strong><br>&nbsp;<\/p>\n\n\n\n<p class=\"ext-animate--on wp-block-paragraph\">Kui soovid Colorost p\u00e4riselt aru saada, ehk mitte ainult teada toone ja segamissuhteid, vaid m\u00f5ista ka s\u00fcsteemi taga olevat tehnoloogiat, siis see koolitus on t\u00e4pselt Sulle.<br>&nbsp;<\/p>\n\n\n\n<p class=\"ext-animate--on wp-block-paragraph\">Kohtade arv on piiratud, seega registreeru aegsasti.<\/p>\n\n\n\n<p class=\"ext-animate--on wp-block-paragraph\"><strong>\ud83d\udc49&nbsp;<a href=\"https:\/\/forms.gle\/SdX5mRp5PmSNCU726\" target=\"_blank\" rel=\"noreferrer noopener\">REGISTREERU KOOLITUSELE SIIT!<\/a><\/strong><\/p>\n\n\n\n<p class=\"ext-animate--on wp-block-paragraph\"><\/p>\n","protected":false},"excerpt":{"rendered":"<p>28. septembril ootame Sind Tartusse Actyva Coloro v\u00e4rvikoolitusele.&nbsp;Tegemist on professionaalse v\u00e4rvis\u00fcsteemiga, milles kohtuvad kaasaegne v\u00e4rvitehnoloogia, juuste heaolu ning teadlikum l\u00e4henemine koostisele.&nbsp; Coloro ei ole lihtsalt v\u00e4rvisari.&nbsp;Selle keskmes on tehnoloogiad, mis [&hellip;]<\/p>\n","protected":false},"author":1,"featured_media":148,"comment_status":"open","ping_status":"open","sticky":false,"template":"","format":"standard","meta":{"_monsterinsights_skip_tracking":false,"_EventAllDay":false,"_EventTimezone":"","_EventStartDate":"","_EventEndDate":"","_EventStartDateUTC":"","_EventEndDateUTC":"","_EventShowMap":false,"_EventShowMapLink":false,"_EventURL":"","_EventCost":"","_EventCostDescription":"","_EventCurrencySymbol":"","_EventCurrencyCode":"","_EventCurrencyPosition":"","_EventDateTimeSeparator":"","_EventTimeRangeSeparator":"","_EventOrganizerID":[],"_EventVenueID":[],"_OrganizerEmail":"","_OrganizerPhone":"","_OrganizerWebsite":"","_VenueAddress":"","_VenueCity":"","_VenueCountry":"","_VenueProvince":"","_VenueState":"","_VenueZip":"","_VenuePhone":"","_VenueURL":"","_VenueStateProvince":"","_VenueLat":"","_VenueLng":"","_VenueShowMap":false,"_VenueShowMapLink":false,"footnotes":""},"categories":[11,9,29,10],"tags":[45,14,13,12],"class_list":["post-147","post","type-post","status-publish","format-standard","has-post-thumbnail","hentry","category-interprof","category-kemon","category-tootekoolitus","category-varvikoolitus","tag-actyva-coloro","tag-interprof","tag-kemon","tag-varvikoolitus"],"aioseo_notices":[],"aioseo_head":"\n\t\t<!-- All in One SEO 5.0.1.1 - aioseo.com -->\n\t<meta name=\"description\" content=\"28. septembril ootame Sind Tartusse Actyva Coloro v\u00e4rvikoolitusele. Tegemist on professionaalse v\u00e4rvis\u00fcsteemiga, milles kohtuvad kaasaegne v\u00e4rvitehnoloogia, juuste heaolu ning teadlikum l\u00e4henemine koostisele. Coloro ei ole lihtsalt v\u00e4rvisari. Selle keskmes on tehnoloogiad, mis aitavad juuksuril saavutada s\u00e4rava ja usaldusv\u00e4\u00e4rse v\u00e4rvitulemuse, p\u00f6\u00f6rates samal ajal ekstra t\u00e4helepanu juuksekiu seisundile. Koolitusel r\u00e4\u00e4gime muu hulgas: kuidas Alkela kompleks aitab kontrollida juustes olevaid\" \/>\n\t<meta name=\"robots\" content=\"max-image-preview:large\" \/>\n\t<meta name=\"author\" content=\"admin\"\/>\n\t<link rel=\"canonical\" href=\"https:\/\/juuksuriteuhendus.ee\/koolitused\/rohkem-kui-juuksevarv\/\" \/>\n\t<meta name=\"generator\" content=\"All in One SEO (AIOSEO) 5.0.1.1\" \/>\n\t\t<meta property=\"og:locale\" content=\"et_EE\" \/>\n\t\t<meta property=\"og:site_name\" content=\"Koolitused juuksuritele - J\u00e4rgmine WordPress veebileht\" \/>\n\t\t<meta property=\"og:type\" content=\"article\" \/>\n\t\t<meta property=\"og:title\" content=\"ROHKEM KUI JUUKSEV\u00c4RV - Koolitused juuksuritele\" \/>\n\t\t<meta property=\"og:description\" content=\"28. septembril ootame Sind Tartusse Actyva Coloro v\u00e4rvikoolitusele. Tegemist on professionaalse v\u00e4rvis\u00fcsteemiga, milles kohtuvad kaasaegne v\u00e4rvitehnoloogia, juuste heaolu ning teadlikum l\u00e4henemine koostisele. Coloro ei ole lihtsalt v\u00e4rvisari. Selle keskmes on tehnoloogiad, mis aitavad juuksuril saavutada s\u00e4rava ja usaldusv\u00e4\u00e4rse v\u00e4rvitulemuse, p\u00f6\u00f6rates samal ajal ekstra t\u00e4helepanu juuksekiu seisundile. Koolitusel r\u00e4\u00e4gime muu hulgas: kuidas Alkela kompleks aitab kontrollida juustes olevaid\" \/>\n\t\t<meta property=\"og:url\" content=\"https:\/\/juuksuriteuhendus.ee\/koolitused\/rohkem-kui-juuksevarv\/\" \/>\n\t\t<meta property=\"article:published_time\" content=\"2026-08-20T06:33:32+00:00\" \/>\n\t\t<meta property=\"article:modified_time\" content=\"2026-09-02T06:44:24+00:00\" \/>\n\t\t<meta name=\"twitter:card\" content=\"summary_large_image\" \/>\n\t\t<meta name=\"twitter:title\" content=\"ROHKEM KUI JUUKSEV\u00c4RV - Koolitused juuksuritele\" \/>\n\t\t<meta name=\"twitter:description\" content=\"28. septembril ootame Sind Tartusse Actyva Coloro v\u00e4rvikoolitusele. Tegemist on professionaalse v\u00e4rvis\u00fcsteemiga, milles kohtuvad kaasaegne v\u00e4rvitehnoloogia, juuste heaolu ning teadlikum l\u00e4henemine koostisele. Coloro ei ole lihtsalt v\u00e4rvisari. Selle keskmes on tehnoloogiad, mis aitavad juuksuril saavutada s\u00e4rava ja usaldusv\u00e4\u00e4rse v\u00e4rvitulemuse, p\u00f6\u00f6rates samal ajal ekstra t\u00e4helepanu juuksekiu seisundile. Koolitusel r\u00e4\u00e4gime muu hulgas: kuidas Alkela kompleks aitab kontrollida juustes olevaid\" \/>\n\t\t<script type=\"application\/ld+json\" class=\"aioseo-schema\">\n\t\t\t{\"@context\":\"https:\\\/\\\/schema.org\",\"@graph\":[{\"@type\":\"BlogPosting\",\"@id\":\"https:\\\/\\\/juuksuriteuhendus.ee\\\/koolitused\\\/rohkem-kui-juuksevarv\\\/#blogposting\",\"name\":\"ROHKEM KUI JUUKSEV\\u00c4RV - Koolitused juuksuritele\",\"headline\":\"ROHKEM KUI JUUKSEV\\u00c4RV\",\"author\":{\"@id\":\"https:\\\/\\\/juuksuriteuhendus.ee\\\/koolitused\\\/author\\\/admin\\\/#author\"},\"publisher\":{\"@id\":\"https:\\\/\\\/juuksuriteuhendus.ee\\\/koolitused\\\/#organization\"},\"image\":{\"@type\":\"ImageObject\",\"url\":\"https:\\\/\\\/juuksuriteuhendus.ee\\\/koolitused\\\/wp-content\\\/uploads\\\/2026\\\/08\\\/interprofkemon-e1788331456552.png\",\"width\":300,\"height\":300},\"datePublished\":\"2026-08-20T06:33:32+00:00\",\"dateModified\":\"2026-09-02T06:44:24+00:00\",\"inLanguage\":\"et\",\"mainEntityOfPage\":{\"@id\":\"https:\\\/\\\/juuksuriteuhendus.ee\\\/koolitused\\\/rohkem-kui-juuksevarv\\\/#webpage\"},\"isPartOf\":{\"@id\":\"https:\\\/\\\/juuksuriteuhendus.ee\\\/koolitused\\\/rohkem-kui-juuksevarv\\\/#webpage\"},\"articleSection\":\"Interprof, Kemon, tootekoolitus, V\\u00e4rvikoolitus, Actyva Coloro, Interprof, Kemon, v\\u00e4rvikoolitus\"},{\"@type\":\"BreadcrumbList\",\"@id\":\"https:\\\/\\\/juuksuriteuhendus.ee\\\/koolitused\\\/rohkem-kui-juuksevarv\\\/#breadcrumblist\",\"itemListElement\":[{\"@type\":\"ListItem\",\"@id\":\"https:\\\/\\\/juuksuriteuhendus.ee\\\/koolitused#listItem\",\"position\":1,\"name\":\"Home\",\"item\":\"https:\\\/\\\/juuksuriteuhendus.ee\\\/koolitused\",\"nextItem\":{\"@type\":\"ListItem\",\"@id\":\"https:\\\/\\\/juuksuriteuhendus.ee\\\/koolitused\\\/category\\\/kemon\\\/#listItem\",\"name\":\"Kemon\"}},{\"@type\":\"ListItem\",\"@id\":\"https:\\\/\\\/juuksuriteuhendus.ee\\\/koolitused\\\/category\\\/kemon\\\/#listItem\",\"position\":2,\"name\":\"Kemon\",\"item\":\"https:\\\/\\\/juuksuriteuhendus.ee\\\/koolitused\\\/category\\\/kemon\\\/\",\"nextItem\":{\"@type\":\"ListItem\",\"@id\":\"https:\\\/\\\/juuksuriteuhendus.ee\\\/koolitused\\\/rohkem-kui-juuksevarv\\\/#listItem\",\"name\":\"ROHKEM KUI JUUKSEV\\u00c4RV\"},\"previousItem\":{\"@type\":\"ListItem\",\"@id\":\"https:\\\/\\\/juuksuriteuhendus.ee\\\/koolitused#listItem\",\"name\":\"Home\"}},{\"@type\":\"ListItem\",\"@id\":\"https:\\\/\\\/juuksuriteuhendus.ee\\\/koolitused\\\/rohkem-kui-juuksevarv\\\/#listItem\",\"position\":3,\"name\":\"ROHKEM KUI JUUKSEV\\u00c4RV\",\"previousItem\":{\"@type\":\"ListItem\",\"@id\":\"https:\\\/\\\/juuksuriteuhendus.ee\\\/koolitused\\\/category\\\/kemon\\\/#listItem\",\"name\":\"Kemon\"}}]},{\"@type\":\"Organization\",\"@id\":\"https:\\\/\\\/juuksuriteuhendus.ee\\\/koolitused\\\/#organization\",\"name\":\"Koolitused juuksuritele\",\"description\":\"J\\u00e4rgmine WordPress veebileht\",\"url\":\"https:\\\/\\\/juuksuriteuhendus.ee\\\/koolitused\\\/\"},{\"@type\":\"Person\",\"@id\":\"https:\\\/\\\/juuksuriteuhendus.ee\\\/koolitused\\\/author\\\/admin\\\/#author\",\"url\":\"https:\\\/\\\/juuksuriteuhendus.ee\\\/koolitused\\\/author\\\/admin\\\/\",\"name\":\"admin\",\"image\":{\"@type\":\"ImageObject\",\"@id\":\"https:\\\/\\\/juuksuriteuhendus.ee\\\/koolitused\\\/rohkem-kui-juuksevarv\\\/#authorImage\",\"url\":\"https:\\\/\\\/secure.gravatar.com\\\/avatar\\\/e027102687bf710005e5f4098a3c7ad4f589c0e6b0dec8a8ce692149a56a8860?s=96&d=mm&r=g\",\"width\":96,\"height\":96,\"caption\":\"admin\"}},{\"@type\":\"WebPage\",\"@id\":\"https:\\\/\\\/juuksuriteuhendus.ee\\\/koolitused\\\/rohkem-kui-juuksevarv\\\/#webpage\",\"url\":\"https:\\\/\\\/juuksuriteuhendus.ee\\\/koolitused\\\/rohkem-kui-juuksevarv\\\/\",\"name\":\"ROHKEM KUI JUUKSEV\\u00c4RV - Koolitused juuksuritele\",\"description\":\"28. septembril ootame Sind Tartusse Actyva Coloro v\\u00e4rvikoolitusele. Tegemist on professionaalse v\\u00e4rvis\\u00fcsteemiga, milles kohtuvad kaasaegne v\\u00e4rvitehnoloogia, juuste heaolu ning teadlikum l\\u00e4henemine koostisele. Coloro ei ole lihtsalt v\\u00e4rvisari. Selle keskmes on tehnoloogiad, mis aitavad juuksuril saavutada s\\u00e4rava ja usaldusv\\u00e4\\u00e4rse v\\u00e4rvitulemuse, p\\u00f6\\u00f6rates samal ajal ekstra t\\u00e4helepanu juuksekiu seisundile. Koolitusel r\\u00e4\\u00e4gime muu hulgas: kuidas Alkela kompleks aitab kontrollida juustes olevaid\",\"inLanguage\":\"et\",\"isPartOf\":{\"@id\":\"https:\\\/\\\/juuksuriteuhendus.ee\\\/koolitused\\\/#website\"},\"breadcrumb\":{\"@id\":\"https:\\\/\\\/juuksuriteuhendus.ee\\\/koolitused\\\/rohkem-kui-juuksevarv\\\/#breadcrumblist\"},\"author\":{\"@id\":\"https:\\\/\\\/juuksuriteuhendus.ee\\\/koolitused\\\/author\\\/admin\\\/#author\"},\"creator\":{\"@id\":\"https:\\\/\\\/juuksuriteuhendus.ee\\\/koolitused\\\/author\\\/admin\\\/#author\"},\"image\":{\"@type\":\"ImageObject\",\"url\":\"https:\\\/\\\/juuksuriteuhendus.ee\\\/koolitused\\\/wp-content\\\/uploads\\\/2026\\\/08\\\/interprofkemon-e1788331456552.png\",\"@id\":\"https:\\\/\\\/juuksuriteuhendus.ee\\\/koolitused\\\/rohkem-kui-juuksevarv\\\/#mainImage\",\"width\":300,\"height\":300},\"primaryImageOfPage\":{\"@id\":\"https:\\\/\\\/juuksuriteuhendus.ee\\\/koolitused\\\/rohkem-kui-juuksevarv\\\/#mainImage\"},\"datePublished\":\"2026-08-20T06:33:32+00:00\",\"dateModified\":\"2026-09-02T06:44:24+00:00\"},{\"@type\":\"WebSite\",\"@id\":\"https:\\\/\\\/juuksuriteuhendus.ee\\\/koolitused\\\/#website\",\"url\":\"https:\\\/\\\/juuksuriteuhendus.ee\\\/koolitused\\\/\",\"name\":\"Koolitused juuksuritele\",\"description\":\"J\\u00e4rgmine WordPress veebileht\",\"inLanguage\":\"et\",\"publisher\":{\"@id\":\"https:\\\/\\\/juuksuriteuhendus.ee\\\/koolitused\\\/#organization\"}}]}\n\t\t<\/script>\n\t\t<!-- All in One SEO -->\n\n","aioseo_head_json":{"title":"ROHKEM KUI JUUKSEV\u00c4RV - Koolitused juuksuritele","description":"28. septembril ootame Sind Tartusse Actyva Coloro v\u00e4rvikoolitusele. Tegemist on professionaalse v\u00e4rvis\u00fcsteemiga, milles kohtuvad kaasaegne v\u00e4rvitehnoloogia, juuste heaolu ning teadlikum l\u00e4henemine koostisele. Coloro ei ole lihtsalt v\u00e4rvisari. Selle keskmes on tehnoloogiad, mis aitavad juuksuril saavutada s\u00e4rava ja usaldusv\u00e4\u00e4rse v\u00e4rvitulemuse, p\u00f6\u00f6rates samal ajal ekstra t\u00e4helepanu juuksekiu seisundile. Koolitusel r\u00e4\u00e4gime muu hulgas: kuidas Alkela kompleks aitab kontrollida juustes olevaid","canonical_url":"https:\/\/juuksuriteuhendus.ee\/koolitused\/rohkem-kui-juuksevarv\/","robots":"max-image-preview:large","keywords":"","webmasterTools":{"miscellaneous":""},"schema":{"@context":"https:\/\/schema.org","@graph":[{"@type":"BlogPosting","@id":"https:\/\/juuksuriteuhendus.ee\/koolitused\/rohkem-kui-juuksevarv\/#blogposting","name":"ROHKEM KUI JUUKSEV\u00c4RV - Koolitused juuksuritele","headline":"ROHKEM KUI JUUKSEV\u00c4RV","author":{"@id":"https:\/\/juuksuriteuhendus.ee\/koolitused\/author\/admin\/#author"},"publisher":{"@id":"https:\/\/juuksuriteuhendus.ee\/koolitused\/#organization"},"image":{"@type":"ImageObject","url":"https:\/\/juuksuriteuhendus.ee\/koolitused\/wp-content\/uploads\/2026\/08\/interprofkemon-e1788331456552.png","width":300,"height":300},"datePublished":"2026-08-20T06:33:32+00:00","dateModified":"2026-09-02T06:44:24+00:00","inLanguage":"et","mainEntityOfPage":{"@id":"https:\/\/juuksuriteuhendus.ee\/koolitused\/rohkem-kui-juuksevarv\/#webpage"},"isPartOf":{"@id":"https:\/\/juuksuriteuhendus.ee\/koolitused\/rohkem-kui-juuksevarv\/#webpage"},"articleSection":"Interprof, Kemon, tootekoolitus, V\u00e4rvikoolitus, Actyva Coloro, Interprof, Kemon, v\u00e4rvikoolitus"},{"@type":"BreadcrumbList","@id":"https:\/\/juuksuriteuhendus.ee\/koolitused\/rohkem-kui-juuksevarv\/#breadcrumblist","itemListElement":[{"@type":"ListItem","@id":"https:\/\/juuksuriteuhendus.ee\/koolitused#listItem","position":1,"name":"Home","item":"https:\/\/juuksuriteuhendus.ee\/koolitused","nextItem":{"@type":"ListItem","@id":"https:\/\/juuksuriteuhendus.ee\/koolitused\/category\/kemon\/#listItem","name":"Kemon"}},{"@type":"ListItem","@id":"https:\/\/juuksuriteuhendus.ee\/koolitused\/category\/kemon\/#listItem","position":2,"name":"Kemon","item":"https:\/\/juuksuriteuhendus.ee\/koolitused\/category\/kemon\/","nextItem":{"@type":"ListItem","@id":"https:\/\/juuksuriteuhendus.ee\/koolitused\/rohkem-kui-juuksevarv\/#listItem","name":"ROHKEM KUI JUUKSEV\u00c4RV"},"previousItem":{"@type":"ListItem","@id":"https:\/\/juuksuriteuhendus.ee\/koolitused#listItem","name":"Home"}},{"@type":"ListItem","@id":"https:\/\/juuksuriteuhendus.ee\/koolitused\/rohkem-kui-juuksevarv\/#listItem","position":3,"name":"ROHKEM KUI JUUKSEV\u00c4RV","previousItem":{"@type":"ListItem","@id":"https:\/\/juuksuriteuhendus.ee\/koolitused\/category\/kemon\/#listItem","name":"Kemon"}}]},{"@type":"Organization","@id":"https:\/\/juuksuriteuhendus.ee\/koolitused\/#organization","name":"Koolitused juuksuritele","description":"J\u00e4rgmine WordPress veebileht","url":"https:\/\/juuksuriteuhendus.ee\/koolitused\/"},{"@type":"Person","@id":"https:\/\/juuksuriteuhendus.ee\/koolitused\/author\/admin\/#author","url":"https:\/\/juuksuriteuhendus.ee\/koolitused\/author\/admin\/","name":"admin","image":{"@type":"ImageObject","@id":"https:\/\/juuksuriteuhendus.ee\/koolitused\/rohkem-kui-juuksevarv\/#authorImage","url":"https:\/\/secure.gravatar.com\/avatar\/e027102687bf710005e5f4098a3c7ad4f589c0e6b0dec8a8ce692149a56a8860?s=96&d=mm&r=g","width":96,"height":96,"caption":"admin"}},{"@type":"WebPage","@id":"https:\/\/juuksuriteuhendus.ee\/koolitused\/rohkem-kui-juuksevarv\/#webpage","url":"https:\/\/juuksuriteuhendus.ee\/koolitused\/rohkem-kui-juuksevarv\/","name":"ROHKEM KUI JUUKSEV\u00c4RV - Koolitused juuksuritele","description":"28. septembril ootame Sind Tartusse Actyva Coloro v\u00e4rvikoolitusele. Tegemist on professionaalse v\u00e4rvis\u00fcsteemiga, milles kohtuvad kaasaegne v\u00e4rvitehnoloogia, juuste heaolu ning teadlikum l\u00e4henemine koostisele. Coloro ei ole lihtsalt v\u00e4rvisari. Selle keskmes on tehnoloogiad, mis aitavad juuksuril saavutada s\u00e4rava ja usaldusv\u00e4\u00e4rse v\u00e4rvitulemuse, p\u00f6\u00f6rates samal ajal ekstra t\u00e4helepanu juuksekiu seisundile. Koolitusel r\u00e4\u00e4gime muu hulgas: kuidas Alkela kompleks aitab kontrollida juustes olevaid","inLanguage":"et","isPartOf":{"@id":"https:\/\/juuksuriteuhendus.ee\/koolitused\/#website"},"breadcrumb":{"@id":"https:\/\/juuksuriteuhendus.ee\/koolitused\/rohkem-kui-juuksevarv\/#breadcrumblist"},"author":{"@id":"https:\/\/juuksuriteuhendus.ee\/koolitused\/author\/admin\/#author"},"creator":{"@id":"https:\/\/juuksuriteuhendus.ee\/koolitused\/author\/admin\/#author"},"image":{"@type":"ImageObject","url":"https:\/\/juuksuriteuhendus.ee\/koolitused\/wp-content\/uploads\/2026\/08\/interprofkemon-e1788331456552.png","@id":"https:\/\/juuksuriteuhendus.ee\/koolitused\/rohkem-kui-juuksevarv\/#mainImage","width":300,"height":300},"primaryImageOfPage":{"@id":"https:\/\/juuksuriteuhendus.ee\/koolitused\/rohkem-kui-juuksevarv\/#mainImage"},"datePublished":"2026-08-20T06:33:32+00:00","dateModified":"2026-09-02T06:44:24+00:00"},{"@type":"WebSite","@id":"https:\/\/juuksuriteuhendus.ee\/koolitused\/#website","url":"https:\/\/juuksuriteuhendus.ee\/koolitused\/","name":"Koolitused juuksuritele","description":"J\u00e4rgmine WordPress veebileht","inLanguage":"et","publisher":{"@id":"https:\/\/juuksuriteuhendus.ee\/koolitused\/#organization"}}]},"og:locale":"et_EE","og:site_name":"Koolitused juuksuritele - J\u00e4rgmine WordPress veebileht","og:type":"article","og:title":"ROHKEM KUI JUUKSEV\u00c4RV - Koolitused juuksuritele","og:description":"28. septembril ootame Sind Tartusse Actyva Coloro v\u00e4rvikoolitusele. Tegemist on professionaalse v\u00e4rvis\u00fcsteemiga, milles kohtuvad kaasaegne v\u00e4rvitehnoloogia, juuste heaolu ning teadlikum l\u00e4henemine koostisele. Coloro ei ole lihtsalt v\u00e4rvisari. Selle keskmes on tehnoloogiad, mis aitavad juuksuril saavutada s\u00e4rava ja usaldusv\u00e4\u00e4rse v\u00e4rvitulemuse, p\u00f6\u00f6rates samal ajal ekstra t\u00e4helepanu juuksekiu seisundile. Koolitusel r\u00e4\u00e4gime muu hulgas: kuidas Alkela kompleks aitab kontrollida juustes olevaid","og:url":"https:\/\/juuksuriteuhendus.ee\/koolitused\/rohkem-kui-juuksevarv\/","article:published_time":"2026-08-20T06:33:32+00:00","article:modified_time":"2026-09-02T06:44:24+00:00","twitter:card":"summary_large_image","twitter:title":"ROHKEM KUI JUUKSEV\u00c4RV - Koolitused juuksuritele","twitter:description":"28. septembril ootame Sind Tartusse Actyva Coloro v\u00e4rvikoolitusele. Tegemist on professionaalse v\u00e4rvis\u00fcsteemiga, milles kohtuvad kaasaegne v\u00e4rvitehnoloogia, juuste heaolu ning teadlikum l\u00e4henemine koostisele. Coloro ei ole lihtsalt v\u00e4rvisari. Selle keskmes on tehnoloogiad, mis aitavad juuksuril saavutada s\u00e4rava ja usaldusv\u00e4\u00e4rse v\u00e4rvitulemuse, p\u00f6\u00f6rates samal ajal ekstra t\u00e4helepanu juuksekiu seisundile. Koolitusel r\u00e4\u00e4gime muu hulgas: kuidas Alkela kompleks aitab kontrollida juustes olevaid"},"aioseo_meta_data":{"post_id":"147","title":null,"description":null,"keywords":null,"keyphrases":{"focus":{"keyphrase":"","score":0,"analysis":{"keyphraseInTitle":{"score":0,"maxScore":9,"error":1}}},"additional":[]},"primary_term":null,"canonical_url":null,"og_title":null,"og_description":null,"og_object_type":"default","og_image_type":"default","og_image_url":null,"og_image_width":null,"og_image_height":null,"og_image_custom_url":null,"og_image_custom_fields":null,"og_video":"","og_custom_url":null,"og_article_section":null,"og_article_tags":null,"twitter_use_og":false,"twitter_card":"default","twitter_image_type":"default","twitter_image_url":null,"twitter_image_custom_url":null,"twitter_image_custom_fields":null,"twitter_title":null,"twitter_description":null,"schema":{"blockGraphs":[],"customGraphs":[],"default":{"data":{"Article":[],"Course":[],"Dataset":[],"FAQPage":[],"Movie":[],"Person":[],"Product":[],"ProductReview":[],"Car":[],"Recipe":[],"Service":[],"SoftwareApplication":[],"WebPage":[]},"graphName":"BlogPosting","isEnabled":true},"graphs":[]},"schema_type":"default","schema_type_options":null,"pillar_content":false,"robots_default":true,"robots_noindex":false,"robots_noarchive":false,"robots_nosnippet":false,"robots_nofollow":false,"robots_noimageindex":false,"robots_noodp":false,"robots_notranslate":false,"robots_max_snippet":"-1","robots_max_videopreview":"-1","robots_max_imagepreview":"large","priority":null,"frequency":"default","local_seo":null,"breadcrumb_settings":null,"limit_modified_date":false,"ai":{"faqs":[],"keyPoints":[],"schemas":[],"titles":[],"descriptions":[],"socialPosts":{"email":{"subject":"","preview":"","content":""},"linkedin":[],"twitter":[],"facebook":[],"instagram":[]}},"created":"2026-08-20 06:33:33","updated":"2026-09-03 09:04:30","seo_analyzer_scan_date":null,"focus_keyword":null,"additional_keywords":null,"truseo_locale":null},"aioseo_breadcrumb":"<div class=\"aioseo-breadcrumbs\"><span class=\"aioseo-breadcrumb\">\n\t\t\t<a href=\"https:\/\/juuksuriteuhendus.ee\/koolitused\" title=\"Home\">Home<\/a>\n\t\t<\/span><span class=\"aioseo-breadcrumb-separator\">&raquo;<\/span><span class=\"aioseo-breadcrumb\">\n\t\t\t<a href=\"https:\/\/juuksuriteuhendus.ee\/koolitused\/category\/kemon\/\" title=\"Kemon\">Kemon<\/a>\n\t\t<\/span><span class=\"aioseo-breadcrumb-separator\">&raquo;<\/span><span class=\"aioseo-breadcrumb\">\n\t\t\tROHKEM KUI JUUKSEV\u00c4RV\n\t\t<\/span><\/div>","aioseo_breadcrumb_json":[{"label":"Home","link":"https:\/\/juuksuriteuhendus.ee\/koolitused"},{"label":"Kemon","link":"https:\/\/juuksuriteuhendus.ee\/koolitused\/category\/kemon\/"},{"label":"ROHKEM KUI JUUKSEV\u00c4RV","link":"https:\/\/juuksuriteuhendus.ee\/koolitused\/rohkem-kui-juuksevarv\/"}],"_links":{"self":[{"href":"https:\/\/juuksuriteuhendus.ee\/koolitused\/wp-json\/wp\/v2\/posts\/147","targetHints":{"allow":["GET"]}}],"collection":[{"href":"https:\/\/juuksuriteuhendus.ee\/koolitused\/wp-json\/wp\/v2\/posts"}],"about":[{"href":"https:\/\/juuksuriteuhendus.ee\/koolitused\/wp-json\/wp\/v2\/types\/post"}],"author":[{"embeddable":true,"href":"https:\/\/juuksuriteuhendus.ee\/koolitused\/wp-json\/wp\/v2\/users\/1"}],"replies":[{"embeddable":true,"href":"https:\/\/juuksuriteuhendus.ee\/koolitused\/wp-json\/wp\/v2\/comments?post=147"}],"version-history":[{"count":1,"href":"https:\/\/juuksuriteuhendus.ee\/koolitused\/wp-json\/wp\/v2\/posts\/147\/revisions"}],"predecessor-version":[{"id":149,"href":"https:\/\/juuksuriteuhendus.ee\/koolitused\/wp-json\/wp\/v2\/posts\/147\/revisions\/149"}],"wp:featuredmedia":[{"embeddable":true,"href":"https:\/\/juuksuriteuhendus.ee\/koolitused\/wp-json\/wp\/v2\/media\/148"}],"wp:attachment":[{"href":"https:\/\/juuksuriteuhendus.ee\/koolitused\/wp-json\/wp\/v2\/media?parent=147"}],"wp:term":[{"taxonomy":"category","embeddable":true,"href":"https:\/\/juuksuriteuhendus.ee\/koolitused\/wp-json\/wp\/v2\/categories?post=147"},{"taxonomy":"post_tag","embeddable":true,"href":"https:\/\/juuksuriteuhendus.ee\/koolitused\/wp-json\/wp\/v2\/tags?post=147"}],"curies":[{"name":"wp","href":"https:\/\/api.w.org\/{rel}","templated":true}]}}